{"id":7466,"global_id":"judo-jaslo.pl?id=7466","global_id_lineage":["judo-jaslo.pl?id=7466"],"author":"1","status":"publish","date":"2019-05-08 08:34:25","date_utc":"2019-05-08 06:34:25","modified":"2019-06-10 20:57:35","modified_utc":"2019-06-10 18:57:35","url":"http:\/\/judo-jaslo.pl\/?tribe_events=oboz-sportowo-rekreacyjny-judo-czarnogora-i-albania","rest_url":"http:\/\/judo-jaslo.pl\/index.php?rest_route=\/tribe\/events\/v1\/events\/7466","title":"Ob\u00f3z Sportowo \u2013 Rekreacyjny  Judo  \u2013 \u201d Czarnog\u00f3ra i Albania \u201e","description":"<p><strong>W 2019<\/strong> roku klub&nbsp; organizuje<strong> Ob\u00f3z Sportowo \u2013 Rekreacyjny&nbsp; Judo&nbsp; \u2013 \u201d Czarnog\u00f3ra i Albania \u201e<br \/>\n<\/strong><\/p>\n<p>Termin obozu sportowego to : <strong>17.07.2019 \u2013 28.07.2019<\/strong><\/p>\n<p><strong>Plan wycieczki:<\/strong><\/p>\n<ul>\n<li><strong>Pensjonat Bito<br \/>\n<\/strong><\/li>\n<li><strong>Wycieczka do Albanii<br \/>\n<\/strong><\/li>\n<li><strong>Rejs statkiem do B\u0142\u0119kitnej Jaskini<\/strong><b><br \/>\n<\/b><\/li>\n<\/ul>\n<p><b>Podczas trwania obozu planowane s\u0105 zaj\u0119cia dla dzieci z judo,&nbsp; <\/b><b>gry i zabawy ruchowe, dyskoteki oraz wiele zaj\u0119\u0107 prowadzonych przez wychowawc\u00f3w.<\/b><\/p>\n<p><span style=\"font-size: 20px; color: #ff0000;\"><a style=\"color: #ff0000;\" href=\"http:\/\/judo-jaslo.pl\/wp-content\/uploads\/2019\/06\/karta-koloonijna2019.doc\" target=\"_blank\" rel=\"noopener\"><strong>Karta Kolonijna &#8211; POBIERZ<\/strong><\/a><\/span><\/p>\n<p><strong><span style=\"color: #ff0000;\">Wi\u0119cej informacji <a style=\"color: #ff0000;\" href=\"http:\/\/judo-jaslo.pl\/?page_id=7015\"><span style=\"background-color: #000000;\">TUTAJ<\/span><\/a><\/span><\/strong><\/p>","excerpt":"","slug":"oboz-sportowo-rekreacyjny-judo-czarnogora-i-albania","image":false,"all_day":true,"start_date":"2019-07-17 00:00:00","start_date_details":{"year":"2019","month":"07","day":"17","hour":"00","minutes":"00","seconds":"00"},"end_date":"2019-07-28 23:59:59","end_date_details":{"year":"2019","month":"07","day":"28","hour":"23","minutes":"59","seconds":"59"},"utc_start_date":"2019-07-16 22:00:00","utc_start_date_details":{"year":"2019","month":"07","day":"16","hour":"22","minutes":"00","seconds":"00"},"utc_end_date":"2019-07-28 21:59:59","utc_end_date_details":{"year":"2019","month":"07","day":"28","hour":"21","minutes":"59","seconds":"59"},"timezone":"Europe\/Warsaw","timezone_abbr":"CEST","cost":"","cost_details":{"currency_symbol":"","currency_position":"prefix","values":[]},"website":"http:\/\/judo-jaslo.pl\/?page_id=7015","show_map":false,"show_map_link":false,"hide_from_listings":false,"sticky":false,"featured":false,"categories":[],"tags":[],"venue":[],"organizer":[{"id":6400,"author":"1","status":"publish","date":"2017-11-10 12:12:08","date_utc":"2017-11-10 11:12:08","modified":"2017-11-10 12:12:08","modified_utc":"2017-11-10 11:12:08","url":"http:\/\/judo-jaslo.pl\/?tribe_organizer=akademia-sportow-walki-w-jasle-sekcja-judo-jaslo","organizer":"Akademia Sport\u00f3w Walki w Ja\u015ble &#8211; Sekcja JUDO JAS\u0141O","slug":"akademia-sportow-walki-w-jasle-sekcja-judo-jaslo","phone":"662 139 919 Przemys\u0142aw Czarnecki","website":"www.judo-jaslo.pl","email":"infojudojaslo@op.pl","json_ld":{"@type":"Person","name":"Akademia Sport\u00f3w Walki w Ja\u015ble &#8211; Sekcja JUDO JAS\u0141O","description":"","url":false,"telephone":"662 139 919 Przemys\u0142aw Czarnecki","email":"i&#110;&#102;o&#106;&#117;do&#106;as&#108;o&#64;&#111;p.&#112;l","sameAs":"http:\/\/www.judo-jaslo.pl"},"global_id":"judo-jaslo.pl?id=6400","global_id_lineage":["judo-jaslo.pl?id=6400"]}],"json_ld":{"@context":"http:\/\/schema.org","@type":"Event","name":"Ob\u00f3z Sportowo \u2013 Rekreacyjny  Judo  \u2013 \u201d Czarnog\u00f3ra i Albania \u201e","description":"&lt;p&gt;W 2019 roku klub&nbsp; organizuje Ob\u00f3z Sportowo \u2013 Rekreacyjny&nbsp; Judo&nbsp; \u2013 \u201d Czarnog\u00f3ra i Albania \u201e Termin obozu sportowego to : 17.07.2019 \u2013 28.07.2019 Plan wycieczki: Pensjonat Bito Wycieczka do Albanii Rejs statkiem do&#046;&#046;&#046;&lt;\/p&gt;\\n","url":"http:\/\/judo-jaslo.pl\/?tribe_events=oboz-sportowo-rekreacyjny-judo-czarnogora-i-albania","startDate":"2019-07-17T00:00:00+02:00","endDate":"2019-07-28T23:59:59+02:00","organizer":{"@type":"Person","name":"Akademia Sport\u00f3w Walki w Ja\u015ble &#8211; Sekcja JUDO JAS\u0141O","description":"","url":false,"telephone":"662 139 919 Przemys\u0142aw Czarnecki","email":"info&#106;&#117;&#100;oj&#97;s&#108;&#111;&#64;o&#112;.&#112;l","sameAs":"http:\/\/www.judo-jaslo.pl"},"performer":"Organization"}}